{"id":16297,"date":"2026-03-27T12:54:53","date_gmt":"2026-03-27T15:54:53","guid":{"rendered":"https:\/\/www.assof.com.br\/ASSOF\/?p=16297"},"modified":"2026-03-30T09:08:52","modified_gmt":"2026-03-30T12:08:52","slug":"diretoria-da-assof-participa-de-evento-em-caldas-novas","status":"publish","type":"post","link":"https:\/\/www.assof.com.br\/ASSOF\/?p=16297","title":{"rendered":"DIRETORIA DA ASSOF PARTICIPA DE EVENTO EM CALDAS NOVAS"},"content":{"rendered":"<div class=\"wp-block-image\">\n<figure class=\"aligncenter size-large\"><img loading=\"lazy\" decoding=\"async\" width=\"821\" height=\"1024\" src=\"https:\/\/www.assof.com.br\/ASSOF\/wp-content\/uploads\/2026\/03\/656424915_18457753606097374_975812170825518423_n-821x1024.jpg\" alt=\"\" class=\"wp-image-16298\" srcset=\"https:\/\/www.assof.com.br\/ASSOF\/wp-content\/uploads\/2026\/03\/656424915_18457753606097374_975812170825518423_n-821x1024.jpg 821w, https:\/\/www.assof.com.br\/ASSOF\/wp-content\/uploads\/2026\/03\/656424915_18457753606097374_975812170825518423_n-241x300.jpg 241w, https:\/\/www.assof.com.br\/ASSOF\/wp-content\/uploads\/2026\/03\/656424915_18457753606097374_975812170825518423_n-768x958.jpg 768w, https:\/\/www.assof.com.br\/ASSOF\/wp-content\/uploads\/2026\/03\/656424915_18457753606097374_975812170825518423_n-1232x1536.jpg 1232w, https:\/\/www.assof.com.br\/ASSOF\/wp-content\/uploads\/2026\/03\/656424915_18457753606097374_975812170825518423_n.jpg 1440w\" sizes=\"auto, (max-width: 821px) 100vw, 821px\" \/><\/figure>\n<\/div>\n\n\n<p><\/p>\n\n\n<div class=\"wp-block-image\">\n<figure class=\"aligncenter size-large\"><img loading=\"lazy\" decoding=\"async\" width=\"821\" height=\"1024\" src=\"https:\/\/www.assof.com.br\/ASSOF\/wp-content\/uploads\/2026\/03\/656686628_18457753594097374_4570533075006287296_n-821x1024.jpg\" alt=\"\" class=\"wp-image-16299\" srcset=\"https:\/\/www.assof.com.br\/ASSOF\/wp-content\/uploads\/2026\/03\/656686628_18457753594097374_4570533075006287296_n-821x1024.jpg 821w, https:\/\/www.assof.com.br\/ASSOF\/wp-content\/uploads\/2026\/03\/656686628_18457753594097374_4570533075006287296_n-241x300.jpg 241w, https:\/\/www.assof.com.br\/ASSOF\/wp-content\/uploads\/2026\/03\/656686628_18457753594097374_4570533075006287296_n-768x958.jpg 768w, https:\/\/www.assof.com.br\/ASSOF\/wp-content\/uploads\/2026\/03\/656686628_18457753594097374_4570533075006287296_n-1232x1536.jpg 1232w, https:\/\/www.assof.com.br\/ASSOF\/wp-content\/uploads\/2026\/03\/656686628_18457753594097374_4570533075006287296_n.jpg 1440w\" sizes=\"auto, (max-width: 821px) 100vw, 821px\" \/><\/figure>\n<\/div>\n\n\n<p><\/p>\n\n\n<div class=\"wp-block-image\">\n<figure class=\"aligncenter size-large\"><img loading=\"lazy\" decoding=\"async\" width=\"821\" height=\"1024\" src=\"https:\/\/www.assof.com.br\/ASSOF\/wp-content\/uploads\/2026\/03\/657796055_18457753561097374_6462122751464621488_n-821x1024.jpg\" alt=\"\" class=\"wp-image-16300\" srcset=\"https:\/\/www.assof.com.br\/ASSOF\/wp-content\/uploads\/2026\/03\/657796055_18457753561097374_6462122751464621488_n-821x1024.jpg 821w, https:\/\/www.assof.com.br\/ASSOF\/wp-content\/uploads\/2026\/03\/657796055_18457753561097374_6462122751464621488_n-240x300.jpg 240w, https:\/\/www.assof.com.br\/ASSOF\/wp-content\/uploads\/2026\/03\/657796055_18457753561097374_6462122751464621488_n-768x958.jpg 768w, https:\/\/www.assof.com.br\/ASSOF\/wp-content\/uploads\/2026\/03\/657796055_18457753561097374_6462122751464621488_n.jpg 1200w\" sizes=\"auto, (max-width: 821px) 100vw, 821px\" \/><\/figure>\n<\/div>\n\n\n<p>Na manh\u00e3 desta sexta-feira, o Cel Cardoso , presidente da ASSOF, enviou para Caldas Novas o Diretor Financeiro da ASSOF, Capit\u00e3o Guimar\u00e3es, e o assessor da ASSOF Ten BM Weber representando a entidade e com o objetivo de demonstrar respeito, considera\u00e7\u00e3o e o reconhecimento \u00e0 trajet\u00f3ria dos militares que dedicaram suas vidas ao servi\u00e7o.<\/p>\n\n\n\n<p>\u201cDesejo a todos os bombeiros que seguem para a reserva um novo ciclo de paz, sa\u00fade e sucesso. Que este per\u00edodo seja de merecido descanso, mas tamb\u00e9m de novas conquistas, ao lado de suas fam\u00edlias, com a certeza de que a hist\u00f3ria constru\u00edda por cada um permanece como exemplo e inspira\u00e7\u00e3o para as futuras gera\u00e7\u00f5es.\u201d &#8211; Cel Cardoso, presidente da ASSOF.<\/p>\n","protected":false},"excerpt":{"rendered":"<p>Na manh\u00e3 desta sexta-feira, o Cel Cardoso , presidente da ASSOF, enviou para Caldas Novas o Diretor Financeiro da ASSOF, Capit\u00e3o Guimar\u00e3es, e o assessor da ASSOF Ten BM Weber representando a entidade e com o objetivo de demonstrar respeito, considera\u00e7\u00e3o e o reconhecimento \u00e0 trajet\u00f3ria dos militares que dedicaram suas vidas ao servi\u00e7o. \u201cDesejo [&hellip;]<\/p>\n","protected":false},"author":6,"featured_media":16299,"comment_status":"open","ping_status":"open","sticky":false,"template":"","format":"standard","meta":{"footnotes":""},"categories":[4],"tags":[],"class_list":["post-16297","post","type-post","status-publish","format-standard","has-post-thumbnail","hentry","category-noticias"],"_links":{"self":[{"href":"https:\/\/www.assof.com.br\/ASSOF\/index.php?rest_route=\/wp\/v2\/posts\/16297","targetHints":{"allow":["GET"]}}],"collection":[{"href":"https:\/\/www.assof.com.br\/ASSOF\/index.php?rest_route=\/wp\/v2\/posts"}],"about":[{"href":"https:\/\/www.assof.com.br\/ASSOF\/index.php?rest_route=\/wp\/v2\/types\/post"}],"author":[{"embeddable":true,"href":"https:\/\/www.assof.com.br\/ASSOF\/index.php?rest_route=\/wp\/v2\/users\/6"}],"replies":[{"embeddable":true,"href":"https:\/\/www.assof.com.br\/ASSOF\/index.php?rest_route=%2Fwp%2Fv2%2Fcomments&post=16297"}],"version-history":[{"count":2,"href":"https:\/\/www.assof.com.br\/ASSOF\/index.php?rest_route=\/wp\/v2\/posts\/16297\/revisions"}],"predecessor-version":[{"id":16302,"href":"https:\/\/www.assof.com.br\/ASSOF\/index.php?rest_route=\/wp\/v2\/posts\/16297\/revisions\/16302"}],"wp:featuredmedia":[{"embeddable":true,"href":"https:\/\/www.assof.com.br\/ASSOF\/index.php?rest_route=\/wp\/v2\/media\/16299"}],"wp:attachment":[{"href":"https:\/\/www.assof.com.br\/ASSOF\/index.php?rest_route=%2Fwp%2Fv2%2Fmedia&parent=16297"}],"wp:term":[{"taxonomy":"category","embeddable":true,"href":"https:\/\/www.assof.com.br\/ASSOF\/index.php?rest_route=%2Fwp%2Fv2%2Fcategories&post=16297"},{"taxonomy":"post_tag","embeddable":true,"href":"https:\/\/www.assof.com.br\/ASSOF\/index.php?rest_route=%2Fwp%2Fv2%2Ftags&post=16297"}],"curies":[{"name":"wp","href":"https:\/\/api.w.org\/{rel}","templated":true}]}}